{"id":222753,"date":"2021-04-26T13:53:21","date_gmt":"2021-04-26T20:53:21","guid":{"rendered":"https:\/\/www.healthywork.org\/?p=222753"},"modified":"2023-01-05T20:43:14","modified_gmt":"2023-01-06T04:43:14","slug":"much-to-remember-this-workers-memorial-day","status":"publish","type":"post","link":"https:\/\/www.healthywork.org\/es\/much-to-remember-this-workers-memorial-day\/","title":{"rendered":"Mucho para recordar este D\u00eda de los Ca\u00eddos en el Trabajo"},"content":{"rendered":"<p><p>Ha pasado un a\u00f1o desde el \u00faltimo D\u00eda de los Trabajadores. El 28 de abril recordamos a los trabajadores estadounidenses que murieron o resultaron heridos en el trabajo. La pandemia apenas comenzaba, pero ya sab\u00edamos que muchos trabajadores no ten\u00edan protecciones adecuadas de salud y seguridad en el lugar de trabajo contra el COVID-19. Brotes en plantas empacadoras de carne y otras partes del <a href=\"https:\/\/thefern.org\/2020\/04\/mapping-covid-19-in-meat-and-food-processing-plants\/\">sistema alimentario<\/a>, as\u00ed como entre <a href=\"https:\/\/khn.org\/news\/lost-on-the-frontline-health-care-worker-death-toll-covid19-coronavirus\/\">trabajadores de la salud<\/a>, y <a href=\"https:\/\/prospect.org\/coronavirus\/six-months-into-the-pandemic-transit-workers-are-still-dying\/\">trabajadores de tr\u00e1nsito<\/a> dej\u00f3 a muchos trabajadores esenciales infectados o muertos. Sin embargo, los datos de infecci\u00f3n por ocupaci\u00f3n o industria son limitados debido a la falta de sistemas nacionales de vigilancia integrales. La AFL-CIO public\u00f3 un <a href=\"https:\/\/aflcio.org\/sites\/default\/files\/2020-10\/DOTJ2020_Final_100620_nb.pdf\">Informe de muerte en el trabajo<\/a> en octubre de 2020 (otro estar\u00e1 disponible en mayo de 2021) con algunos datos sobre la infecci\u00f3n y muerte por COVID-19 por industria, uni\u00e9ndose a los datos recopilados de forma rutinaria por el BLS que muestran que alrededor de 5000 trabajadores mueren en el trabajo por lesiones traum\u00e1ticas cada a\u00f1o (14 trabajadores por d\u00eda) y se estima que otros 95.000 morir\u00e1n por enfermedades profesionales.\u00a0<br><br>Han pasado m\u00e1s de 50 a\u00f1os desde la aprobaci\u00f3n de la Ley OSH en 1970, una batalla duramente ganada por el movimiento laboral y otros grupos de trabajadores para regular y hacer cumplir la salud y la seguridad de los trabajadores. Este a\u00f1o, muchos trabajadores se organizaron y usaron sus voces para pedir equipo de protecci\u00f3n personal adecuado, distanciamiento f\u00edsico, uso obligatorio de mascarillas y regulaciones para hacer cumplir estas disposiciones. El movimiento obrero y otros grupos de trabajadores han ayudado a pasar <a href=\"https:\/\/www.healthywork.org\/es\/enforcement-of-public-health-orders-is-essential-for-healthy-work\/\">normas temporales de emergencia<\/a> para hacer cumplir las protecciones en el lugar de trabajo contra el COVID-19 en algunos estados. Inicie sesi\u00f3n en este <a href=\"https:\/\/docs.google.com\/forms\/d\/e\/1FAIpQLSft2LnN3Tr8BTYchPgiy9Jx2amgIYLHwyYrgLS6TfXeoaO1Yw\/viewform?gxids=7628\">letra<\/a> para apoyar los esfuerzos de <a href=\"https:\/\/nationalcosh.org\/\">COSH nacional<\/a> y <a href=\"https:\/\/www.oxfamamerica.org\/\">OXFAM<\/a> para instar al presidente Biden y al secretario de Trabajo, Marty Walsh, a emitir un ETS para proteger a los trabajadores de primera l\u00ednea de la pandemia. Tambi\u00e9n hay una serie de casos publicados por la Campa\u00f1a de Trabajo Saludable que muestran los esfuerzos para reducir <a href=\"https:\/\/www.healthywork.org\/es\/resources\/healthy-work-strategies\/\">Factores estresantes relacionados con el trabajo de COVID-19.<\/a> En una reciente <a href=\"https:\/\/journals.lww.com\/joem\/Fulltext\/2021\/04000\/COVID_19_Pandemic__What_Has_Work_Got_to_Do_With.21.aspx?&amp;ntid=\">editorial<\/a> en el Journal of Occupational and Environmental Medicine (JOEM) discutimos que la exposici\u00f3n a factores estresantes laborales solo empeora los resultados de salud de COVID-19, incluido el aumento del riesgo de muerte.<\/p> <p>Consulte estos enlaces a eventos o recursos del D\u00eda de los Trabajadores en Memoria de los Trabajadores:<\/p> <p>Reg\u00edstrese para COSH Nacional <strong>Semana nacional en memoria de los trabajadores Speak Out \/ Evento de prensa<br><\/strong>Martes 27 de abril, 2 p. m. Este \/ 1 p. m. Centro \/ 11 a. m. Pac\u00edfico<\/p> <p><a href=\"https:\/\/aflcio.org\/about-us\/conferences-and-events\/workers-memorial-day\">Kit de herramientas del D\u00eda de los Ca\u00eddos en Memoria de los Trabajadores de la AFL-CIO<\/a> y <a href=\"https:\/\/actionnetwork.org\/event_campaigns\/pro-act-events\">Encuentre eventos cerca de usted<\/a><\/p> <p><a href=\"https:\/\/www.osha.gov\/workers-memorial\">Eventos conmemorativos de los trabajadores de la Administraci\u00f3n de Seguridad y Salud Ocupacional (OSHA) 2021<\/a><\/p><\/p>","protected":false},"excerpt":{"rendered":"<p>It has been a year since the last Workers Memorial Day. On April 28 we remember the U.S. workers who died or were injured on the job. The pandemic was just beginning but we knew even then that many workers did not have adequate workplace health &amp; safety protections from COVID-19. Outbreaks at meatpacking factories [&hellip;]<\/p>\n","protected":false},"author":7,"featured_media":0,"comment_status":"open","ping_status":"open","sticky":false,"template":"","format":"standard","meta":{"_et_pb_use_builder":"","_et_pb_old_content":"","_et_gb_content_width":"","footnotes":""},"categories":[99,101,78,39],"tags":[],"class_list":["post-222753","post","type-post","status-publish","format-standard","hentry","category-covid19","category-essential-workers","category-news","category-physical-injuries"],"_links":{"self":[{"href":"https:\/\/www.healthywork.org\/es\/wp-json\/wp\/v2\/posts\/222753","targetHints":{"allow":["GET"]}}],"collection":[{"href":"https:\/\/www.healthywork.org\/es\/wp-json\/wp\/v2\/posts"}],"about":[{"href":"https:\/\/www.healthywork.org\/es\/wp-json\/wp\/v2\/types\/post"}],"author":[{"embeddable":true,"href":"https:\/\/www.healthywork.org\/es\/wp-json\/wp\/v2\/users\/7"}],"replies":[{"embeddable":true,"href":"https:\/\/www.healthywork.org\/es\/wp-json\/wp\/v2\/comments?post=222753"}],"version-history":[{"count":5,"href":"https:\/\/www.healthywork.org\/es\/wp-json\/wp\/v2\/posts\/222753\/revisions"}],"predecessor-version":[{"id":224129,"href":"https:\/\/www.healthywork.org\/es\/wp-json\/wp\/v2\/posts\/222753\/revisions\/224129"}],"wp:attachment":[{"href":"https:\/\/www.healthywork.org\/es\/wp-json\/wp\/v2\/media?parent=222753"}],"wp:term":[{"taxonomy":"category","embeddable":true,"href":"https:\/\/www.healthywork.org\/es\/wp-json\/wp\/v2\/categories?post=222753"},{"taxonomy":"post_tag","embeddable":true,"href":"https:\/\/www.healthywork.org\/es\/wp-json\/wp\/v2\/tags?post=222753"}],"curies":[{"name":"palabra clave","href":"https:\/\/api.w.org\/{rel}","templated":true}]}}